{"id":61018,"date":"2026-03-02T16:42:04","date_gmt":"2026-03-02T15:42:04","guid":{"rendered":"https:\/\/fundacionbretal.com\/?p=61018"},"modified":"2026-03-02T16:46:19","modified_gmt":"2026-03-02T15:46:19","slug":"comprometidos-coa-cultura-semana-santa-2026-no-real-mosteiro-de-oia","status":"publish","type":"post","link":"https:\/\/fundacionbretal.com\/gl\/comprometidos-coa-cultura-semana-santa-2026-no-real-mosteiro-de-oia\/","title":{"rendered":"Comprometidos coa cultura: Semana Santa 2026 no Real Mosteiro de Oia"},"content":{"rendered":"\n<p>O <strong>Real Mosteiro de Oia<\/strong> abrir\u00e1 as s\u00faas portas ao p\u00fablico durante a <strong>Semana Santa 2026<\/strong>, do luns <strong>30 de marzo ao domingo 5 de abr<\/strong>il, cun programa de visitas guiadas todos os d\u00edas que permitir\u00e1 percorrer os diferentes espazos do mosteiro e os seus xard\u00edns, mergull\u00e1ndose na historia dun dos monumentos m\u00e1is emblem\u00e1ticos de Galicia.<\/p>\n\n\n\n<p>Un ano m\u00e1is, a <strong>Fundaci\u00f3n Bretal,<\/strong> responsable da dinamizaci\u00f3n cultural do edificio, ofrece aos visitantes un percorrido renovado, adaptado ao estado actual do monumento e \u00e1s intervenci\u00f3ns realizadas no marco da s\u00faa recuperaci\u00f3n. Estas visitas permitir\u00e1n co\u00f1ecer novos espazos e descubrir datos que lanzan luz sobre a historia do Mosteiro, ofrecendo unha experiencia diferente e enriquecedora<\/p>\n\n\n\n<figure class=\"wp-block-image size-large\"><img loading=\"lazy\" decoding=\"async\" width=\"1024\" height=\"443\" src=\"https:\/\/fundacionbretal.com\/wp-content\/uploads\/2026\/03\/Fotos_NDP-1024x443.jpg\" alt=\"\" class=\"wp-image-61009\" srcset=\"https:\/\/fundacionbretal.com\/wp-content\/uploads\/2026\/03\/Fotos_NDP-1024x443.jpg 1024w, https:\/\/fundacionbretal.com\/wp-content\/uploads\/2026\/03\/Fotos_NDP-300x130.jpg 300w, https:\/\/fundacionbretal.com\/wp-content\/uploads\/2026\/03\/Fotos_NDP-768x332.jpg 768w, https:\/\/fundacionbretal.com\/wp-content\/uploads\/2026\/03\/Fotos_NDP-1536x664.jpg 1536w, https:\/\/fundacionbretal.com\/wp-content\/uploads\/2026\/03\/Fotos_NDP.jpg 1633w\" sizes=\"auto, (max-width: 1024px) 100vw, 1024px\" \/><\/figure>\n\n\n\n<h2 class=\"wp-block-heading\">Informaci\u00f3n pr\u00e1ctica <\/h2>\n\n\n\n<ul class=\"wp-block-list\">\n<li>Datas: lunes 30 de marzo &#8211; domingo 5 de abril.<\/li>\n\n\n\n<li>Horario de visitas: 11:30 | 16:30 | 18:30h. <\/li>\n\n\n\n<li>Tarfas\n<ul class=\"wp-block-list\">\n<li>Xeral: 9\u20ac <\/li>\n\n\n\n<li>Reducida: 6 \u20ac (familias numerosas, maiores de 65 anos, desempregados, nenos de 7 a 14 anos e persoas con diversidade funcional). <\/li>\n\n\n\n<li>Menores de 7 anos: entrada de balde. <\/li>\n<\/ul>\n<\/li>\n<\/ul>\n\n\n\n<p>Recomendaci\u00f3ns: O Mosteiro at\u00f3pase actualmente en estado de ru\u00edna consolidada, polo que se aconsella acudir con roupa e calzado c\u00f3modo, preparados para explorar os distintos espazos do cenobio e os seus xard\u00edns. As visitas guiadas ad\u00e1ptanse cada ano ao estado do monumento e \u00e1s intervenci\u00f3ns arqueol\u00f3xicas e de restauraci\u00f3n que se van acometendo, consolidando ao Mosteiro de Oia como un espazo onde<strong> historia, cultura e patrimonio at\u00f3panse.<\/strong> <\/p>\n\n\n\n<p>\ud83c\udf9f\ufe0f <strong>Entradas e reservas:<\/strong> <a href=\"https:\/\/www.mosteirodeoia.com\/gl\/real-mosteiro-de-oia-actividades-semana-santa-2026\/\">Compra a t\u00faa entrada aqu\u00ed. <\/a><\/p>\n\n\n\n<p>Non perdas a oportunidade de vivir unha experiencia cultural \u00fanica esta semana Santa no Real Mosteiro de Oia. Esper\u00e1mosche!<\/p>\n\n\n\n<p><\/p>\n","protected":false},"excerpt":{"rendered":"<p>O Real Mosteiro de Oia abrir\u00e1 as s\u00faas portas ao p\u00fablico durante a Semana Santa 2026, do luns 30 de marzo ao domingo 5 de abril, cun programa de visitas guiadas todos os d\u00edas que permitir\u00e1 percorrer os diferentes espazos do mosteiro e os seus xard\u00edns, mergull\u00e1ndose na historia dun dos monumentos m\u00e1is emblem\u00e1ticos de [&hellip;]<\/p>\n","protected":false},"author":6,"featured_media":61015,"comment_status":"open","ping_status":"open","sticky":false,"template":"","format":"standard","meta":{"_acf_changed":false,"_editorskit_title_hidden":false,"_editorskit_reading_time":0,"_editorskit_is_block_options_detached":false,"_editorskit_block_options_position":"{}","_coblocks_attr":"","_coblocks_dimensions":"","_coblocks_responsive_height":"","_coblocks_accordion_ie_support":"","inline_featured_image":false,"footnotes":""},"categories":[762],"tags":[1328],"class_list":["post-61018","post","type-post","status-publish","format-standard","has-post-thumbnail","hentry","category-iniciativas-culturais","tag-mosteiro-de-oia"],"acf":[],"yoast_head":"<!-- This site is optimized with the Yoast SEO plugin v25.9 - https:\/\/yoast.com\/wordpress\/plugins\/seo\/ -->\n<title>Comprometidos coa cultura: Semana Santa 2026 no Real Mosteiro de Oia - Fundaci\u00f3n Bretal<\/title>\n<meta name=\"robots\" content=\"index, follow, max-snippet:-1, max-image-preview:large, max-video-preview:-1\" \/>\n<link rel=\"canonical\" href=\"https:\/\/fundacionbretal.com\/gl\/comprometidos-coa-cultura-semana-santa-2026-no-real-mosteiro-de-oia\/\" \/>\n<meta property=\"og:locale\" content=\"gl_ES\" \/>\n<meta property=\"og:type\" content=\"article\" \/>\n<meta property=\"og:title\" content=\"Comprometidos coa cultura: Semana Santa 2026 no Real Mosteiro de Oia - Fundaci\u00f3n Bretal\" \/>\n<meta property=\"og:description\" content=\"O Real Mosteiro de Oia abrir\u00e1 as s\u00faas portas ao p\u00fablico durante a Semana Santa 2026, do luns 30 de marzo ao domingo 5 de abril, cun programa de visitas guiadas todos os d\u00edas que permitir\u00e1 percorrer os diferentes espazos do mosteiro e os seus xard\u00edns, mergull\u00e1ndose na historia dun dos monumentos m\u00e1is emblem\u00e1ticos de [&hellip;]\" \/>\n<meta property=\"og:url\" content=\"https:\/\/fundacionbretal.com\/gl\/comprometidos-coa-cultura-semana-santa-2026-no-real-mosteiro-de-oia\/\" \/>\n<meta property=\"og:site_name\" content=\"Fundaci\u00f3n Bretal\" \/>\n<meta property=\"article:published_time\" content=\"2026-03-02T15:42:04+00:00\" \/>\n<meta property=\"article:modified_time\" content=\"2026-03-02T15:46:19+00:00\" \/>\n<meta property=\"og:image\" content=\"https:\/\/fundacionbretal.com\/wp-content\/uploads\/2026\/03\/IMG_1576-scaled.jpg\" \/>\n\t<meta property=\"og:image:width\" content=\"1920\" \/>\n\t<meta property=\"og:image:height\" content=\"2560\" \/>\n\t<meta property=\"og:image:type\" content=\"image\/jpeg\" \/>\n<meta name=\"author\" content=\"Nuria Rodr\u00edguez\" \/>\n<meta name=\"twitter:card\" content=\"summary_large_image\" \/>\n<meta name=\"twitter:label1\" content=\"Escrito por\" \/>\n\t<meta name=\"twitter:data1\" content=\"Nuria Rodr\u00edguez\" \/>\n\t<meta name=\"twitter:label2\" content=\"Tempo de lectura\" \/>\n\t<meta name=\"twitter:data2\" content=\"1 minuto\" \/>\n<script type=\"application\/ld+json\" class=\"yoast-schema-graph\">{\"@context\":\"https:\/\/schema.org\",\"@graph\":[{\"@type\":\"WebPage\",\"@id\":\"https:\/\/fundacionbretal.com\/gl\/comprometidos-coa-cultura-semana-santa-2026-no-real-mosteiro-de-oia\/\",\"url\":\"https:\/\/fundacionbretal.com\/gl\/comprometidos-coa-cultura-semana-santa-2026-no-real-mosteiro-de-oia\/\",\"name\":\"Comprometidos coa cultura: Semana Santa 2026 no Real Mosteiro de Oia - Fundaci\u00f3n Bretal\",\"isPartOf\":{\"@id\":\"https:\/\/fundacionbretal.com\/#website\"},\"primaryImageOfPage\":{\"@id\":\"https:\/\/fundacionbretal.com\/gl\/comprometidos-coa-cultura-semana-santa-2026-no-real-mosteiro-de-oia\/#primaryimage\"},\"image\":{\"@id\":\"https:\/\/fundacionbretal.com\/gl\/comprometidos-coa-cultura-semana-santa-2026-no-real-mosteiro-de-oia\/#primaryimage\"},\"thumbnailUrl\":\"https:\/\/fundacionbretal.com\/wp-content\/uploads\/2026\/03\/IMG_1576-scaled.jpg\",\"datePublished\":\"2026-03-02T15:42:04+00:00\",\"dateModified\":\"2026-03-02T15:46:19+00:00\",\"author\":{\"@id\":\"https:\/\/fundacionbretal.com\/#\/schema\/person\/982b11c0d38cc26dda3f9e44719d29db\"},\"breadcrumb\":{\"@id\":\"https:\/\/fundacionbretal.com\/gl\/comprometidos-coa-cultura-semana-santa-2026-no-real-mosteiro-de-oia\/#breadcrumb\"},\"inLanguage\":\"gl-ES\",\"potentialAction\":[{\"@type\":\"ReadAction\",\"target\":[\"https:\/\/fundacionbretal.com\/gl\/comprometidos-coa-cultura-semana-santa-2026-no-real-mosteiro-de-oia\/\"]}]},{\"@type\":\"ImageObject\",\"inLanguage\":\"gl-ES\",\"@id\":\"https:\/\/fundacionbretal.com\/gl\/comprometidos-coa-cultura-semana-santa-2026-no-real-mosteiro-de-oia\/#primaryimage\",\"url\":\"https:\/\/fundacionbretal.com\/wp-content\/uploads\/2026\/03\/IMG_1576-scaled.jpg\",\"contentUrl\":\"https:\/\/fundacionbretal.com\/wp-content\/uploads\/2026\/03\/IMG_1576-scaled.jpg\",\"width\":1920,\"height\":2560},{\"@type\":\"BreadcrumbList\",\"@id\":\"https:\/\/fundacionbretal.com\/gl\/comprometidos-coa-cultura-semana-santa-2026-no-real-mosteiro-de-oia\/#breadcrumb\",\"itemListElement\":[{\"@type\":\"ListItem\",\"position\":1,\"name\":\"Portada\",\"item\":\"https:\/\/fundacionbretal.com\/gl\/\"},{\"@type\":\"ListItem\",\"position\":2,\"name\":\"Comprometidos coa cultura: Semana Santa 2026 no Real Mosteiro de Oia\"}]},{\"@type\":\"WebSite\",\"@id\":\"https:\/\/fundacionbretal.com\/#website\",\"url\":\"https:\/\/fundacionbretal.com\/\",\"name\":\"Fundaci\u00f3n Bretal\",\"description\":\"\",\"potentialAction\":[{\"@type\":\"SearchAction\",\"target\":{\"@type\":\"EntryPoint\",\"urlTemplate\":\"https:\/\/fundacionbretal.com\/?s={search_term_string}\"},\"query-input\":{\"@type\":\"PropertyValueSpecification\",\"valueRequired\":true,\"valueName\":\"search_term_string\"}}],\"inLanguage\":\"gl-ES\"},{\"@type\":\"Person\",\"@id\":\"https:\/\/fundacionbretal.com\/#\/schema\/person\/982b11c0d38cc26dda3f9e44719d29db\",\"name\":\"Nuria Rodr\u00edguez\",\"image\":{\"@type\":\"ImageObject\",\"inLanguage\":\"gl-ES\",\"@id\":\"https:\/\/fundacionbretal.com\/#\/schema\/person\/image\/\",\"url\":\"https:\/\/secure.gravatar.com\/avatar\/aa638004d1c730edd064709db8210241816cb98116775d08d9ad01a0e2d1dbfd?s=96&d=mm&r=g\",\"contentUrl\":\"https:\/\/secure.gravatar.com\/avatar\/aa638004d1c730edd064709db8210241816cb98116775d08d9ad01a0e2d1dbfd?s=96&d=mm&r=g\",\"caption\":\"Nuria Rodr\u00edguez\"}}]}<\/script>\n<!-- \/ Yoast SEO plugin. -->","yoast_head_json":{"title":"Comprometidos coa cultura: Semana Santa 2026 no Real Mosteiro de Oia - Fundaci\u00f3n Bretal","robots":{"index":"index","follow":"follow","max-snippet":"max-snippet:-1","max-image-preview":"max-image-preview:large","max-video-preview":"max-video-preview:-1"},"canonical":"https:\/\/fundacionbretal.com\/gl\/comprometidos-coa-cultura-semana-santa-2026-no-real-mosteiro-de-oia\/","og_locale":"gl_ES","og_type":"article","og_title":"Comprometidos coa cultura: Semana Santa 2026 no Real Mosteiro de Oia - Fundaci\u00f3n Bretal","og_description":"O Real Mosteiro de Oia abrir\u00e1 as s\u00faas portas ao p\u00fablico durante a Semana Santa 2026, do luns 30 de marzo ao domingo 5 de abril, cun programa de visitas guiadas todos os d\u00edas que permitir\u00e1 percorrer os diferentes espazos do mosteiro e os seus xard\u00edns, mergull\u00e1ndose na historia dun dos monumentos m\u00e1is emblem\u00e1ticos de [&hellip;]","og_url":"https:\/\/fundacionbretal.com\/gl\/comprometidos-coa-cultura-semana-santa-2026-no-real-mosteiro-de-oia\/","og_site_name":"Fundaci\u00f3n Bretal","article_published_time":"2026-03-02T15:42:04+00:00","article_modified_time":"2026-03-02T15:46:19+00:00","og_image":[{"width":1920,"height":2560,"url":"https:\/\/fundacionbretal.com\/wp-content\/uploads\/2026\/03\/IMG_1576-scaled.jpg","type":"image\/jpeg"}],"author":"Nuria Rodr\u00edguez","twitter_card":"summary_large_image","twitter_misc":{"Escrito por":"Nuria Rodr\u00edguez","Tempo de lectura":"1 minuto"},"schema":{"@context":"https:\/\/schema.org","@graph":[{"@type":"WebPage","@id":"https:\/\/fundacionbretal.com\/gl\/comprometidos-coa-cultura-semana-santa-2026-no-real-mosteiro-de-oia\/","url":"https:\/\/fundacionbretal.com\/gl\/comprometidos-coa-cultura-semana-santa-2026-no-real-mosteiro-de-oia\/","name":"Comprometidos coa cultura: Semana Santa 2026 no Real Mosteiro de Oia - Fundaci\u00f3n Bretal","isPartOf":{"@id":"https:\/\/fundacionbretal.com\/#website"},"primaryImageOfPage":{"@id":"https:\/\/fundacionbretal.com\/gl\/comprometidos-coa-cultura-semana-santa-2026-no-real-mosteiro-de-oia\/#primaryimage"},"image":{"@id":"https:\/\/fundacionbretal.com\/gl\/comprometidos-coa-cultura-semana-santa-2026-no-real-mosteiro-de-oia\/#primaryimage"},"thumbnailUrl":"https:\/\/fundacionbretal.com\/wp-content\/uploads\/2026\/03\/IMG_1576-scaled.jpg","datePublished":"2026-03-02T15:42:04+00:00","dateModified":"2026-03-02T15:46:19+00:00","author":{"@id":"https:\/\/fundacionbretal.com\/#\/schema\/person\/982b11c0d38cc26dda3f9e44719d29db"},"breadcrumb":{"@id":"https:\/\/fundacionbretal.com\/gl\/comprometidos-coa-cultura-semana-santa-2026-no-real-mosteiro-de-oia\/#breadcrumb"},"inLanguage":"gl-ES","potentialAction":[{"@type":"ReadAction","target":["https:\/\/fundacionbretal.com\/gl\/comprometidos-coa-cultura-semana-santa-2026-no-real-mosteiro-de-oia\/"]}]},{"@type":"ImageObject","inLanguage":"gl-ES","@id":"https:\/\/fundacionbretal.com\/gl\/comprometidos-coa-cultura-semana-santa-2026-no-real-mosteiro-de-oia\/#primaryimage","url":"https:\/\/fundacionbretal.com\/wp-content\/uploads\/2026\/03\/IMG_1576-scaled.jpg","contentUrl":"https:\/\/fundacionbretal.com\/wp-content\/uploads\/2026\/03\/IMG_1576-scaled.jpg","width":1920,"height":2560},{"@type":"BreadcrumbList","@id":"https:\/\/fundacionbretal.com\/gl\/comprometidos-coa-cultura-semana-santa-2026-no-real-mosteiro-de-oia\/#breadcrumb","itemListElement":[{"@type":"ListItem","position":1,"name":"Portada","item":"https:\/\/fundacionbretal.com\/gl\/"},{"@type":"ListItem","position":2,"name":"Comprometidos coa cultura: Semana Santa 2026 no Real Mosteiro de Oia"}]},{"@type":"WebSite","@id":"https:\/\/fundacionbretal.com\/#website","url":"https:\/\/fundacionbretal.com\/","name":"Fundaci\u00f3n Bretal","description":"","potentialAction":[{"@type":"SearchAction","target":{"@type":"EntryPoint","urlTemplate":"https:\/\/fundacionbretal.com\/?s={search_term_string}"},"query-input":{"@type":"PropertyValueSpecification","valueRequired":true,"valueName":"search_term_string"}}],"inLanguage":"gl-ES"},{"@type":"Person","@id":"https:\/\/fundacionbretal.com\/#\/schema\/person\/982b11c0d38cc26dda3f9e44719d29db","name":"Nuria Rodr\u00edguez","image":{"@type":"ImageObject","inLanguage":"gl-ES","@id":"https:\/\/fundacionbretal.com\/#\/schema\/person\/image\/","url":"https:\/\/secure.gravatar.com\/avatar\/aa638004d1c730edd064709db8210241816cb98116775d08d9ad01a0e2d1dbfd?s=96&d=mm&r=g","contentUrl":"https:\/\/secure.gravatar.com\/avatar\/aa638004d1c730edd064709db8210241816cb98116775d08d9ad01a0e2d1dbfd?s=96&d=mm&r=g","caption":"Nuria Rodr\u00edguez"}}]}},"_links":{"self":[{"href":"https:\/\/fundacionbretal.com\/gl\/wp-json\/wp\/v2\/posts\/61018","targetHints":{"allow":["GET"]}}],"collection":[{"href":"https:\/\/fundacionbretal.com\/gl\/wp-json\/wp\/v2\/posts"}],"about":[{"href":"https:\/\/fundacionbretal.com\/gl\/wp-json\/wp\/v2\/types\/post"}],"author":[{"embeddable":true,"href":"https:\/\/fundacionbretal.com\/gl\/wp-json\/wp\/v2\/users\/6"}],"replies":[{"embeddable":true,"href":"https:\/\/fundacionbretal.com\/gl\/wp-json\/wp\/v2\/comments?post=61018"}],"version-history":[{"count":1,"href":"https:\/\/fundacionbretal.com\/gl\/wp-json\/wp\/v2\/posts\/61018\/revisions"}],"predecessor-version":[{"id":61019,"href":"https:\/\/fundacionbretal.com\/gl\/wp-json\/wp\/v2\/posts\/61018\/revisions\/61019"}],"wp:featuredmedia":[{"embeddable":true,"href":"https:\/\/fundacionbretal.com\/gl\/wp-json\/wp\/v2\/media\/61015"}],"wp:attachment":[{"href":"https:\/\/fundacionbretal.com\/gl\/wp-json\/wp\/v2\/media?parent=61018"}],"wp:term":[{"taxonomy":"category","embeddable":true,"href":"https:\/\/fundacionbretal.com\/gl\/wp-json\/wp\/v2\/categories?post=61018"},{"taxonomy":"post_tag","embeddable":true,"href":"https:\/\/fundacionbretal.com\/gl\/wp-json\/wp\/v2\/tags?post=61018"}],"curies":[{"name":"wp","href":"https:\/\/api.w.org\/{rel}","templated":true}]}}