{"id":60554,"date":"2022-04-08T10:08:00","date_gmt":"2022-04-08T08:08:00","guid":{"rendered":"https:\/\/fundacionbretal.com\/el-mosteiro-de-oia-reanuda-con-fuerza-su-participacion-en-europa\/"},"modified":"2025-09-29T13:56:17","modified_gmt":"2025-09-29T11:56:17","slug":"mosteiro-oia-iv-encontro-abadias-cistercienses","status":"publish","type":"post","link":"https:\/\/fundacionbretal.com\/gl\/mosteiro-oia-iv-encontro-abadias-cistercienses\/","title":{"rendered":"O Mosteiro de Oia renova con forza a s\u00faa participaci\u00f3n en Europa"},"content":{"rendered":"\n<p>O <strong>Real Mosteiro de Oia<\/strong> foi convidado esta fin de semana ao <strong>IV Encontro Internacional de Abad\u00edas Cistercienses, <\/strong>celebrado no Mosteiro de Alcoba\u00e7a, Portugal, onde participou como relator ante un nutrido p\u00fablico internacional.<\/p>\n\n\n\n<p>O encontro reuniu a representantes dos principais mosteiros cistercienses de Europa, responsables de instituci\u00f3ns como a UNESCO, o Instituto Europeo de Itinerarios Culturais, investigadores universitarios e o Procurador Xeral da Orde do C\u00edster, para debater os novos desaf\u00edos de xesti\u00f3n do<strong> patrimonio cisterciense<\/strong> con enfoque en sustentabilidade.<\/p>\n\n\n\n<figure class=\"wp-block-image size-large\"><img loading=\"lazy\" decoding=\"async\" width=\"1024\" height=\"693\" src=\"https:\/\/fundacionbretal.com\/wp-content\/uploads\/2022\/10\/Captura1-1024x693.jpg\" alt=\"\" class=\"wp-image-57673\" srcset=\"https:\/\/fundacionbretal.com\/wp-content\/uploads\/2022\/10\/Captura1-1024x693.jpg 1024w, https:\/\/fundacionbretal.com\/wp-content\/uploads\/2022\/10\/Captura1-300x203.jpg 300w, https:\/\/fundacionbretal.com\/wp-content\/uploads\/2022\/10\/Captura1-768x520.jpg 768w, https:\/\/fundacionbretal.com\/wp-content\/uploads\/2022\/10\/Captura1-600x406.jpg 600w, https:\/\/fundacionbretal.com\/wp-content\/uploads\/2022\/10\/Captura1.jpg 1244w\" sizes=\"auto, (max-width: 1024px) 100vw, 1024px\" \/><\/figure>\n\n\n\n<h2 class=\"wp-block-heading\">Sustentabilidade aplicada ao patrimonio hist\u00f3rico<\/h2>\n\n\n\n<p>Durante o evento, <strong>o director xeral do Mosteiro de Oia, Xo\u00e1n Mart\u00ednez,<\/strong> explicou os retos de aplicar a sustentabilidade en todas as s\u00faas vertentes ao patrimonio hist\u00f3rico, tomando como exemplo a xesti\u00f3n do mosteiro galego. Este tema xerou un enriquecedor debate e abriu a porta ao <strong>intercambio de experiencias e boas pr\u00e1cticas<\/strong> entre mosteiros de distintas partes de Europa.<\/p>\n\n\n\n<h2 class=\"wp-block-heading\">Alcoba\u00e7a, un marco hist\u00f3rico de referencia<\/h2>\n\n\n\n<p>O <strong>Mosteiro de Alcoba\u00e7a<\/strong>, Patrimonio da Humanidade desde 1989, acolleu o foro coincidindo con d\u00faas efem\u00e9rides importantes:<\/p>\n\n\n\n<ul class=\"wp-block-list\">\n<li>A conmemoraci\u00f3n da fundaci\u00f3n do complexo mon\u00e1stico.<\/li>\n\n\n\n<li>O <strong>50\u00ba aniversario da Convenci\u00f3n para a Protecci\u00f3n do Patrimonio Mundial Cultural e Natural da UNESCO.<\/strong><\/li>\n<\/ul>\n\n\n\n<p>Este contexto hist\u00f3rico e cultural reforzou a relevancia das discusi\u00f3ns sobre conservaci\u00f3n, sustentabilidade e valorizaci\u00f3n do legado cisterciense.<\/p>\n\n\n\n<h2 class=\"wp-block-heading\">O compromiso europeo do Mosteiro de Oia<\/h2>\n\n\n\n<p>O<strong> Real Mosteiro de Oia<\/strong> forma parte activa desde hai m\u00e1is de d\u00faas d\u00e9cadas das din\u00e1micas europeas de posta en valor da Orde Cisterciense. \u00c9 membro da<strong> Carta Europea do C\u00edster desde 2010<\/strong>, participando en encontros en Francia, B\u00e9lxica, Alema\u00f1a ou Italia.<\/p>\n\n\n\n<p>Grazas a estas colaboraci\u00f3ns, o mosteiro contrib\u00fae a <strong>proxectos transnacionales sobre patrimonio cisterciense<\/strong>, como o <strong>Itinerario Cultural Europeo das Abad\u00edas Cistercienses,<\/strong> promovendo a conservaci\u00f3n, o estudo e a difusi\u00f3n desta tradici\u00f3n hist\u00f3rica que vertebrou boa parte de Europa. <\/p>\n\n\n\n<figure class=\"wp-block-image size-large\"><img loading=\"lazy\" decoding=\"async\" width=\"1024\" height=\"747\" src=\"https:\/\/fundacionbretal.com\/wp-content\/uploads\/2022\/10\/Captura2-1024x747.jpg\" alt=\"\" class=\"wp-image-57676\" srcset=\"https:\/\/fundacionbretal.com\/wp-content\/uploads\/2022\/10\/Captura2-1024x747.jpg 1024w, https:\/\/fundacionbretal.com\/wp-content\/uploads\/2022\/10\/Captura2-300x219.jpg 300w, https:\/\/fundacionbretal.com\/wp-content\/uploads\/2022\/10\/Captura2-768x560.jpg 768w, https:\/\/fundacionbretal.com\/wp-content\/uploads\/2022\/10\/Captura2-600x437.jpg 600w, https:\/\/fundacionbretal.com\/wp-content\/uploads\/2022\/10\/Captura2.jpg 1259w\" sizes=\"auto, (max-width: 1024px) 100vw, 1024px\" \/><\/figure>\n","protected":false},"excerpt":{"rendered":"<p>O Real Mosteiro de Oia foi convidado esta fin de semana ao IV Encontro Internacional de Abad\u00edas Cistercienses, celebrado no Mosteiro de Alcoba\u00e7a, Portugal, onde participou como relator ante un nutrido p\u00fablico internacional. O encontro reuniu a representantes dos principais mosteiros cistercienses de Europa, responsables de instituci\u00f3ns como a UNESCO, o Instituto Europeo de Itinerarios [&hellip;]<\/p>\n","protected":false},"author":2,"featured_media":57681,"comment_status":"open","ping_status":"open","sticky":false,"template":"","format":"standard","meta":{"_acf_changed":false,"_editorskit_title_hidden":false,"_editorskit_reading_time":0,"_editorskit_is_block_options_detached":false,"_editorskit_block_options_position":"{}","_coblocks_attr":"","_coblocks_dimensions":"","_coblocks_responsive_height":"","_coblocks_accordion_ie_support":"","inline_featured_image":false,"footnotes":""},"categories":[762],"tags":[1328],"class_list":["post-60554","post","type-post","status-publish","format-standard","has-post-thumbnail","hentry","category-iniciativas-culturais","tag-mosteiro-de-oia"],"acf":[],"yoast_head":"<!-- This site is optimized with the Yoast SEO plugin v25.9 - https:\/\/yoast.com\/wordpress\/plugins\/seo\/ -->\n<title>O Mosteiro de Oia renova con forza a s\u00faa participaci\u00f3n en Europa - Fundaci\u00f3n Bretal<\/title>\n<meta name=\"description\" content=\"O Real Mosteiro de Oia participou como relator no IV Encontro Internacional de Abad\u00edas Cistercienses en Alcoba\u00e7a, Portugal, compartindo experiencias sobre xesti\u00f3n sostible do patrimonio cisterciense.\" \/>\n<meta name=\"robots\" content=\"index, follow, max-snippet:-1, max-image-preview:large, max-video-preview:-1\" \/>\n<link rel=\"canonical\" href=\"https:\/\/fundacionbretal.com\/gl\/mosteiro-oia-iv-encontro-abadias-cistercienses\/\" \/>\n<meta property=\"og:locale\" content=\"gl_ES\" \/>\n<meta property=\"og:type\" content=\"article\" \/>\n<meta property=\"og:title\" content=\"O Mosteiro de Oia renova con forza a s\u00faa participaci\u00f3n en Europa - Fundaci\u00f3n Bretal\" \/>\n<meta property=\"og:description\" content=\"O Real Mosteiro de Oia participou como relator no IV Encontro Internacional de Abad\u00edas Cistercienses en Alcoba\u00e7a, Portugal, compartindo experiencias sobre xesti\u00f3n sostible do patrimonio cisterciense.\" \/>\n<meta property=\"og:url\" content=\"https:\/\/fundacionbretal.com\/gl\/mosteiro-oia-iv-encontro-abadias-cistercienses\/\" \/>\n<meta property=\"og:site_name\" content=\"Fundaci\u00f3n Bretal\" \/>\n<meta property=\"article:published_time\" content=\"2022-04-08T08:08:00+00:00\" \/>\n<meta property=\"article:modified_time\" content=\"2025-09-29T11:56:17+00:00\" \/>\n<meta property=\"og:image\" content=\"https:\/\/fundacionbretal.com\/wp-content\/uploads\/2022\/10\/Captura2-1.jpg\" \/>\n\t<meta property=\"og:image:width\" content=\"1259\" \/>\n\t<meta property=\"og:image:height\" content=\"918\" \/>\n\t<meta property=\"og:image:type\" content=\"image\/jpeg\" \/>\n<meta name=\"author\" content=\"adminmosteiro\" \/>\n<meta name=\"twitter:card\" content=\"summary_large_image\" \/>\n<meta name=\"twitter:label1\" content=\"Escrito por\" \/>\n\t<meta name=\"twitter:data1\" content=\"adminmosteiro\" \/>\n\t<meta name=\"twitter:label2\" content=\"Tempo de lectura\" \/>\n\t<meta name=\"twitter:data2\" content=\"2 minutos\" \/>\n<script type=\"application\/ld+json\" class=\"yoast-schema-graph\">{\"@context\":\"https:\/\/schema.org\",\"@graph\":[{\"@type\":\"WebPage\",\"@id\":\"https:\/\/fundacionbretal.com\/gl\/mosteiro-oia-iv-encontro-abadias-cistercienses\/\",\"url\":\"https:\/\/fundacionbretal.com\/gl\/mosteiro-oia-iv-encontro-abadias-cistercienses\/\",\"name\":\"O Mosteiro de Oia renova con forza a s\u00faa participaci\u00f3n en Europa - Fundaci\u00f3n Bretal\",\"isPartOf\":{\"@id\":\"https:\/\/fundacionbretal.com\/#website\"},\"primaryImageOfPage\":{\"@id\":\"https:\/\/fundacionbretal.com\/gl\/mosteiro-oia-iv-encontro-abadias-cistercienses\/#primaryimage\"},\"image\":{\"@id\":\"https:\/\/fundacionbretal.com\/gl\/mosteiro-oia-iv-encontro-abadias-cistercienses\/#primaryimage\"},\"thumbnailUrl\":\"https:\/\/fundacionbretal.com\/wp-content\/uploads\/2022\/10\/Captura2-1.jpg\",\"datePublished\":\"2022-04-08T08:08:00+00:00\",\"dateModified\":\"2025-09-29T11:56:17+00:00\",\"author\":{\"@id\":\"https:\/\/fundacionbretal.com\/#\/schema\/person\/0a482c5b909464b940b64f985afa3a6e\"},\"description\":\"O Real Mosteiro de Oia participou como relator no IV Encontro Internacional de Abad\u00edas Cistercienses en Alcoba\u00e7a, Portugal, compartindo experiencias sobre xesti\u00f3n sostible do patrimonio cisterciense.\",\"breadcrumb\":{\"@id\":\"https:\/\/fundacionbretal.com\/gl\/mosteiro-oia-iv-encontro-abadias-cistercienses\/#breadcrumb\"},\"inLanguage\":\"gl-ES\",\"potentialAction\":[{\"@type\":\"ReadAction\",\"target\":[\"https:\/\/fundacionbretal.com\/gl\/mosteiro-oia-iv-encontro-abadias-cistercienses\/\"]}]},{\"@type\":\"ImageObject\",\"inLanguage\":\"gl-ES\",\"@id\":\"https:\/\/fundacionbretal.com\/gl\/mosteiro-oia-iv-encontro-abadias-cistercienses\/#primaryimage\",\"url\":\"https:\/\/fundacionbretal.com\/wp-content\/uploads\/2022\/10\/Captura2-1.jpg\",\"contentUrl\":\"https:\/\/fundacionbretal.com\/wp-content\/uploads\/2022\/10\/Captura2-1.jpg\",\"width\":1259,\"height\":918},{\"@type\":\"BreadcrumbList\",\"@id\":\"https:\/\/fundacionbretal.com\/gl\/mosteiro-oia-iv-encontro-abadias-cistercienses\/#breadcrumb\",\"itemListElement\":[{\"@type\":\"ListItem\",\"position\":1,\"name\":\"Portada\",\"item\":\"https:\/\/fundacionbretal.com\/gl\/\"},{\"@type\":\"ListItem\",\"position\":2,\"name\":\"O Mosteiro de Oia renova con forza a s\u00faa participaci\u00f3n en Europa\"}]},{\"@type\":\"WebSite\",\"@id\":\"https:\/\/fundacionbretal.com\/#website\",\"url\":\"https:\/\/fundacionbretal.com\/\",\"name\":\"Fundaci\u00f3n Bretal\",\"description\":\"\",\"potentialAction\":[{\"@type\":\"SearchAction\",\"target\":{\"@type\":\"EntryPoint\",\"urlTemplate\":\"https:\/\/fundacionbretal.com\/?s={search_term_string}\"},\"query-input\":{\"@type\":\"PropertyValueSpecification\",\"valueRequired\":true,\"valueName\":\"search_term_string\"}}],\"inLanguage\":\"gl-ES\"},{\"@type\":\"Person\",\"@id\":\"https:\/\/fundacionbretal.com\/#\/schema\/person\/0a482c5b909464b940b64f985afa3a6e\",\"name\":\"adminmosteiro\",\"image\":{\"@type\":\"ImageObject\",\"inLanguage\":\"gl-ES\",\"@id\":\"https:\/\/fundacionbretal.com\/#\/schema\/person\/image\/\",\"url\":\"https:\/\/secure.gravatar.com\/avatar\/8500875605d6c61a6ca83b75893c6706dcb47523abd3e87da1a352b767687165?s=96&d=mm&r=g\",\"contentUrl\":\"https:\/\/secure.gravatar.com\/avatar\/8500875605d6c61a6ca83b75893c6706dcb47523abd3e87da1a352b767687165?s=96&d=mm&r=g\",\"caption\":\"adminmosteiro\"}}]}<\/script>\n<!-- \/ Yoast SEO plugin. -->","yoast_head_json":{"title":"O Mosteiro de Oia renova con forza a s\u00faa participaci\u00f3n en Europa - Fundaci\u00f3n Bretal","description":"O Real Mosteiro de Oia participou como relator no IV Encontro Internacional de Abad\u00edas Cistercienses en Alcoba\u00e7a, Portugal, compartindo experiencias sobre xesti\u00f3n sostible do patrimonio cisterciense.","robots":{"index":"index","follow":"follow","max-snippet":"max-snippet:-1","max-image-preview":"max-image-preview:large","max-video-preview":"max-video-preview:-1"},"canonical":"https:\/\/fundacionbretal.com\/gl\/mosteiro-oia-iv-encontro-abadias-cistercienses\/","og_locale":"gl_ES","og_type":"article","og_title":"O Mosteiro de Oia renova con forza a s\u00faa participaci\u00f3n en Europa - Fundaci\u00f3n Bretal","og_description":"O Real Mosteiro de Oia participou como relator no IV Encontro Internacional de Abad\u00edas Cistercienses en Alcoba\u00e7a, Portugal, compartindo experiencias sobre xesti\u00f3n sostible do patrimonio cisterciense.","og_url":"https:\/\/fundacionbretal.com\/gl\/mosteiro-oia-iv-encontro-abadias-cistercienses\/","og_site_name":"Fundaci\u00f3n Bretal","article_published_time":"2022-04-08T08:08:00+00:00","article_modified_time":"2025-09-29T11:56:17+00:00","og_image":[{"width":1259,"height":918,"url":"https:\/\/fundacionbretal.com\/wp-content\/uploads\/2022\/10\/Captura2-1.jpg","type":"image\/jpeg"}],"author":"adminmosteiro","twitter_card":"summary_large_image","twitter_misc":{"Escrito por":"adminmosteiro","Tempo de lectura":"2 minutos"},"schema":{"@context":"https:\/\/schema.org","@graph":[{"@type":"WebPage","@id":"https:\/\/fundacionbretal.com\/gl\/mosteiro-oia-iv-encontro-abadias-cistercienses\/","url":"https:\/\/fundacionbretal.com\/gl\/mosteiro-oia-iv-encontro-abadias-cistercienses\/","name":"O Mosteiro de Oia renova con forza a s\u00faa participaci\u00f3n en Europa - Fundaci\u00f3n Bretal","isPartOf":{"@id":"https:\/\/fundacionbretal.com\/#website"},"primaryImageOfPage":{"@id":"https:\/\/fundacionbretal.com\/gl\/mosteiro-oia-iv-encontro-abadias-cistercienses\/#primaryimage"},"image":{"@id":"https:\/\/fundacionbretal.com\/gl\/mosteiro-oia-iv-encontro-abadias-cistercienses\/#primaryimage"},"thumbnailUrl":"https:\/\/fundacionbretal.com\/wp-content\/uploads\/2022\/10\/Captura2-1.jpg","datePublished":"2022-04-08T08:08:00+00:00","dateModified":"2025-09-29T11:56:17+00:00","author":{"@id":"https:\/\/fundacionbretal.com\/#\/schema\/person\/0a482c5b909464b940b64f985afa3a6e"},"description":"O Real Mosteiro de Oia participou como relator no IV Encontro Internacional de Abad\u00edas Cistercienses en Alcoba\u00e7a, Portugal, compartindo experiencias sobre xesti\u00f3n sostible do patrimonio cisterciense.","breadcrumb":{"@id":"https:\/\/fundacionbretal.com\/gl\/mosteiro-oia-iv-encontro-abadias-cistercienses\/#breadcrumb"},"inLanguage":"gl-ES","potentialAction":[{"@type":"ReadAction","target":["https:\/\/fundacionbretal.com\/gl\/mosteiro-oia-iv-encontro-abadias-cistercienses\/"]}]},{"@type":"ImageObject","inLanguage":"gl-ES","@id":"https:\/\/fundacionbretal.com\/gl\/mosteiro-oia-iv-encontro-abadias-cistercienses\/#primaryimage","url":"https:\/\/fundacionbretal.com\/wp-content\/uploads\/2022\/10\/Captura2-1.jpg","contentUrl":"https:\/\/fundacionbretal.com\/wp-content\/uploads\/2022\/10\/Captura2-1.jpg","width":1259,"height":918},{"@type":"BreadcrumbList","@id":"https:\/\/fundacionbretal.com\/gl\/mosteiro-oia-iv-encontro-abadias-cistercienses\/#breadcrumb","itemListElement":[{"@type":"ListItem","position":1,"name":"Portada","item":"https:\/\/fundacionbretal.com\/gl\/"},{"@type":"ListItem","position":2,"name":"O Mosteiro de Oia renova con forza a s\u00faa participaci\u00f3n en Europa"}]},{"@type":"WebSite","@id":"https:\/\/fundacionbretal.com\/#website","url":"https:\/\/fundacionbretal.com\/","name":"Fundaci\u00f3n Bretal","description":"","potentialAction":[{"@type":"SearchAction","target":{"@type":"EntryPoint","urlTemplate":"https:\/\/fundacionbretal.com\/?s={search_term_string}"},"query-input":{"@type":"PropertyValueSpecification","valueRequired":true,"valueName":"search_term_string"}}],"inLanguage":"gl-ES"},{"@type":"Person","@id":"https:\/\/fundacionbretal.com\/#\/schema\/person\/0a482c5b909464b940b64f985afa3a6e","name":"adminmosteiro","image":{"@type":"ImageObject","inLanguage":"gl-ES","@id":"https:\/\/fundacionbretal.com\/#\/schema\/person\/image\/","url":"https:\/\/secure.gravatar.com\/avatar\/8500875605d6c61a6ca83b75893c6706dcb47523abd3e87da1a352b767687165?s=96&d=mm&r=g","contentUrl":"https:\/\/secure.gravatar.com\/avatar\/8500875605d6c61a6ca83b75893c6706dcb47523abd3e87da1a352b767687165?s=96&d=mm&r=g","caption":"adminmosteiro"}}]}},"_links":{"self":[{"href":"https:\/\/fundacionbretal.com\/gl\/wp-json\/wp\/v2\/posts\/60554","targetHints":{"allow":["GET"]}}],"collection":[{"href":"https:\/\/fundacionbretal.com\/gl\/wp-json\/wp\/v2\/posts"}],"about":[{"href":"https:\/\/fundacionbretal.com\/gl\/wp-json\/wp\/v2\/types\/post"}],"author":[{"embeddable":true,"href":"https:\/\/fundacionbretal.com\/gl\/wp-json\/wp\/v2\/users\/2"}],"replies":[{"embeddable":true,"href":"https:\/\/fundacionbretal.com\/gl\/wp-json\/wp\/v2\/comments?post=60554"}],"version-history":[{"count":5,"href":"https:\/\/fundacionbretal.com\/gl\/wp-json\/wp\/v2\/posts\/60554\/revisions"}],"predecessor-version":[{"id":60980,"href":"https:\/\/fundacionbretal.com\/gl\/wp-json\/wp\/v2\/posts\/60554\/revisions\/60980"}],"wp:featuredmedia":[{"embeddable":true,"href":"https:\/\/fundacionbretal.com\/gl\/wp-json\/wp\/v2\/media\/57681"}],"wp:attachment":[{"href":"https:\/\/fundacionbretal.com\/gl\/wp-json\/wp\/v2\/media?parent=60554"}],"wp:term":[{"taxonomy":"category","embeddable":true,"href":"https:\/\/fundacionbretal.com\/gl\/wp-json\/wp\/v2\/categories?post=60554"},{"taxonomy":"post_tag","embeddable":true,"href":"https:\/\/fundacionbretal.com\/gl\/wp-json\/wp\/v2\/tags?post=60554"}],"curies":[{"name":"wp","href":"https:\/\/api.w.org\/{rel}","templated":true}]}}