{"id":60552,"date":"2022-08-03T10:44:14","date_gmt":"2022-08-03T08:44:14","guid":{"rendered":"https:\/\/fundacionbretal.com\/la-fundacion-bretal-se-suma-al-pacto-cultura-sustentable-de-galicia\/"},"modified":"2025-09-29T13:54:48","modified_gmt":"2025-09-29T11:54:48","slug":"fundacion-bretal-pacto-cultura-sustentable","status":"publish","type":"post","link":"https:\/\/fundacionbretal.com\/gl\/fundacion-bretal-pacto-cultura-sustentable\/","title":{"rendered":"A Fundaci\u00f3n Bretal s\u00famase ao Pacto Cultura Sustentable de Galicia"},"content":{"rendered":"\n<p>A <strong>Fundaci\u00f3n Bretal<\/strong>, responsable da xesti\u00f3n cultural do <strong>Real Mosteiro de Oia<\/strong>, sumouse ao <strong>Pacto Cultura Sustentable<\/strong>, iniciativa que promove a sustentabilidade no \u00e1mbito cultural en Galicia. Este reco\u00f1ecemento reforza o compromiso da fundaci\u00f3n coa dinamizaci\u00f3n cultural responsable do \u00fanico mosteiro cisterciense a beiras do Atl\u00e1ntico, fundado no s\u00e9culo XII e declarado <strong>Ben de Interese Cultural.<\/strong><\/p>\n\n\n\n<h2 class=\"wp-block-heading\">Fundaci\u00f3n Bretal: cultura, patrimonio e acci\u00f3n social<\/h2>\n\n\n\n<p>A <strong>Fundaci\u00f3n Bretal<\/strong> centra o seu labor na <strong>recuperaci\u00f3n patrimonial e a dinamizaci\u00f3n cultural<\/strong> do Mosteiro de Oia, cunha programaci\u00f3n que combina visitas guiadas, concertos, conferencias, certames e espect\u00e1culos familiares. En 2022, a fundaci\u00f3n xestionou actividades de abril a outubro, contribu\u00edndo a difundir a historia, as artes e a cultura local.<\/p>\n\n\n\n<h2 class=\"wp-block-heading\">Qu\u00e9 implica o Pacto Cultura Sustentable<\/h2>\n\n\n\n<p>O <strong>Pacto Cultura Sustentable <\/strong>establece obxectivos ata 2024 orientados a garantir a sustentabilidade ambiental, social e econ\u00f3mica da actividade cultural. Entre os seus compromisos destacan:<\/p>\n\n\n\n<ul class=\"wp-block-list\">\n<li>Eliminaci\u00f3n de pl\u00e1sticos dun s\u00f3 uso.<\/li>\n\n\n\n<li>Reduci\u00f3n nun terzo do volume total de residuos.<\/li>\n\n\n\n<li>Compensaci\u00f3n da pegada de CO\u2082.<\/li>\n\n\n\n<li>Transici\u00f3n cara a enerx\u00edas renovables na produci\u00f3n de eventos.<\/li>\n\n\n\n<li>Promoci\u00f3n da igualdade de x\u00e9nero, a econom\u00eda local e a accesibilidade en todas as actividades culturais.<\/li>\n<\/ul>\n\n\n\n<p>O pacto ten vocaci\u00f3n expansiva, convidando a <strong>outros eventos, axentes culturais e a administraci\u00f3n galega<\/strong> a subscribilo e fomentar un liderado colectivo cara \u00e1 <strong>sustentabilidade global<\/strong> na cultura.<\/p>\n\n\n\n<h2 class=\"wp-block-heading\">Compromiso co patrimonio e a sostibilidade<\/h2>\n\n\n\n<p>Con esta adhesi\u00f3n, a <strong>Fundaci\u00f3n Bretal <\/strong>reforza a columna vertebral da s\u00faa actividade: a protecci\u00f3n do<strong> patrimonio cultural e natural<\/strong> do Mosteiro de Oia, combinando historia, arte e cultura coa responsabilidade ambiental e social. A iniciativa demostra que<strong> a cultura pode ser un motor de cambio sostible,<\/strong> integrando o respecto \u00e1 contorna e a comunidade local en todos os seus proxectos.<\/p>\n","protected":false},"excerpt":{"rendered":"<p>A Fundaci\u00f3n Bretal, responsable da xesti\u00f3n cultural do Real Mosteiro de Oia, sumouse ao Pacto Cultura Sustentable, iniciativa que promove a sustentabilidade no \u00e1mbito cultural en Galicia. Este reco\u00f1ecemento reforza o compromiso da fundaci\u00f3n coa dinamizaci\u00f3n cultural responsable do \u00fanico mosteiro cisterciense a beiras do Atl\u00e1ntico, fundado no s\u00e9culo XII e declarado Ben de Interese [&hellip;]<\/p>\n","protected":false},"author":2,"featured_media":54504,"comment_status":"open","ping_status":"open","sticky":false,"template":"","format":"standard","meta":{"_acf_changed":false,"_editorskit_title_hidden":false,"_editorskit_reading_time":0,"_editorskit_is_block_options_detached":false,"_editorskit_block_options_position":"{}","_coblocks_attr":"","_coblocks_dimensions":"","_coblocks_responsive_height":"","_coblocks_accordion_ie_support":"","inline_featured_image":false,"footnotes":""},"categories":[762,768],"tags":[1350],"class_list":["post-60552","post","type-post","status-publish","format-standard","has-post-thumbnail","hentry","category-iniciativas-culturais","category-iniciativas-sociais","tag-fundacion-bretal"],"acf":[],"yoast_head":"<!-- This site is optimized with the Yoast SEO plugin v25.9 - https:\/\/yoast.com\/wordpress\/plugins\/seo\/ -->\n<title>A Fundaci\u00f3n Bretal s\u00famase ao Pacto Cultura Sustentable de Galicia - Fundaci\u00f3n Bretal<\/title>\n<meta name=\"description\" content=\"A Fundaci\u00f3n Bretal, xestora do Mosteiro de Oia, adh\u00edrese ao Pacto Cultura Sustentable, compromet\u00e9ndose coa sustentabilidade ambiental, social e cultural nos seus proxectos patrimoniais e culturais.\" \/>\n<meta name=\"robots\" content=\"index, follow, max-snippet:-1, max-image-preview:large, max-video-preview:-1\" \/>\n<link rel=\"canonical\" href=\"https:\/\/fundacionbretal.com\/gl\/fundacion-bretal-pacto-cultura-sustentable\/\" \/>\n<meta property=\"og:locale\" content=\"gl_ES\" \/>\n<meta property=\"og:type\" content=\"article\" \/>\n<meta property=\"og:title\" content=\"A Fundaci\u00f3n Bretal s\u00famase ao Pacto Cultura Sustentable de Galicia - Fundaci\u00f3n Bretal\" \/>\n<meta property=\"og:description\" content=\"A Fundaci\u00f3n Bretal, xestora do Mosteiro de Oia, adh\u00edrese ao Pacto Cultura Sustentable, compromet\u00e9ndose coa sustentabilidade ambiental, social e cultural nos seus proxectos patrimoniais e culturais.\" \/>\n<meta property=\"og:url\" content=\"https:\/\/fundacionbretal.com\/gl\/fundacion-bretal-pacto-cultura-sustentable\/\" \/>\n<meta property=\"og:site_name\" content=\"Fundaci\u00f3n Bretal\" \/>\n<meta property=\"article:published_time\" content=\"2022-08-03T08:44:14+00:00\" \/>\n<meta property=\"article:modified_time\" content=\"2025-09-29T11:54:48+00:00\" \/>\n<meta property=\"og:image\" content=\"https:\/\/fundacionbretal.com\/wp-content\/uploads\/2022\/08\/Imagen1.png\" \/>\n\t<meta property=\"og:image:width\" content=\"3144\" \/>\n\t<meta property=\"og:image:height\" content=\"2173\" \/>\n\t<meta property=\"og:image:type\" content=\"image\/png\" \/>\n<meta name=\"author\" content=\"adminmosteiro\" \/>\n<meta name=\"twitter:card\" content=\"summary_large_image\" \/>\n<meta name=\"twitter:label1\" content=\"Escrito por\" \/>\n\t<meta name=\"twitter:data1\" content=\"adminmosteiro\" \/>\n\t<meta name=\"twitter:label2\" content=\"Tempo de lectura\" \/>\n\t<meta name=\"twitter:data2\" content=\"2 minutos\" \/>\n<script type=\"application\/ld+json\" class=\"yoast-schema-graph\">{\"@context\":\"https:\/\/schema.org\",\"@graph\":[{\"@type\":\"WebPage\",\"@id\":\"https:\/\/fundacionbretal.com\/gl\/fundacion-bretal-pacto-cultura-sustentable\/\",\"url\":\"https:\/\/fundacionbretal.com\/gl\/fundacion-bretal-pacto-cultura-sustentable\/\",\"name\":\"A Fundaci\u00f3n Bretal s\u00famase ao Pacto Cultura Sustentable de Galicia - Fundaci\u00f3n Bretal\",\"isPartOf\":{\"@id\":\"https:\/\/fundacionbretal.com\/#website\"},\"primaryImageOfPage\":{\"@id\":\"https:\/\/fundacionbretal.com\/gl\/fundacion-bretal-pacto-cultura-sustentable\/#primaryimage\"},\"image\":{\"@id\":\"https:\/\/fundacionbretal.com\/gl\/fundacion-bretal-pacto-cultura-sustentable\/#primaryimage\"},\"thumbnailUrl\":\"https:\/\/fundacionbretal.com\/wp-content\/uploads\/2022\/08\/Imagen1.png\",\"datePublished\":\"2022-08-03T08:44:14+00:00\",\"dateModified\":\"2025-09-29T11:54:48+00:00\",\"author\":{\"@id\":\"https:\/\/fundacionbretal.com\/#\/schema\/person\/0a482c5b909464b940b64f985afa3a6e\"},\"description\":\"A Fundaci\u00f3n Bretal, xestora do Mosteiro de Oia, adh\u00edrese ao Pacto Cultura Sustentable, compromet\u00e9ndose coa sustentabilidade ambiental, social e cultural nos seus proxectos patrimoniais e culturais.\",\"breadcrumb\":{\"@id\":\"https:\/\/fundacionbretal.com\/gl\/fundacion-bretal-pacto-cultura-sustentable\/#breadcrumb\"},\"inLanguage\":\"gl-ES\",\"potentialAction\":[{\"@type\":\"ReadAction\",\"target\":[\"https:\/\/fundacionbretal.com\/gl\/fundacion-bretal-pacto-cultura-sustentable\/\"]}]},{\"@type\":\"ImageObject\",\"inLanguage\":\"gl-ES\",\"@id\":\"https:\/\/fundacionbretal.com\/gl\/fundacion-bretal-pacto-cultura-sustentable\/#primaryimage\",\"url\":\"https:\/\/fundacionbretal.com\/wp-content\/uploads\/2022\/08\/Imagen1.png\",\"contentUrl\":\"https:\/\/fundacionbretal.com\/wp-content\/uploads\/2022\/08\/Imagen1.png\",\"width\":3144,\"height\":2173},{\"@type\":\"BreadcrumbList\",\"@id\":\"https:\/\/fundacionbretal.com\/gl\/fundacion-bretal-pacto-cultura-sustentable\/#breadcrumb\",\"itemListElement\":[{\"@type\":\"ListItem\",\"position\":1,\"name\":\"Portada\",\"item\":\"https:\/\/fundacionbretal.com\/gl\/\"},{\"@type\":\"ListItem\",\"position\":2,\"name\":\"A Fundaci\u00f3n Bretal s\u00famase ao Pacto Cultura Sustentable de Galicia\"}]},{\"@type\":\"WebSite\",\"@id\":\"https:\/\/fundacionbretal.com\/#website\",\"url\":\"https:\/\/fundacionbretal.com\/\",\"name\":\"Fundaci\u00f3n Bretal\",\"description\":\"\",\"potentialAction\":[{\"@type\":\"SearchAction\",\"target\":{\"@type\":\"EntryPoint\",\"urlTemplate\":\"https:\/\/fundacionbretal.com\/?s={search_term_string}\"},\"query-input\":{\"@type\":\"PropertyValueSpecification\",\"valueRequired\":true,\"valueName\":\"search_term_string\"}}],\"inLanguage\":\"gl-ES\"},{\"@type\":\"Person\",\"@id\":\"https:\/\/fundacionbretal.com\/#\/schema\/person\/0a482c5b909464b940b64f985afa3a6e\",\"name\":\"adminmosteiro\",\"image\":{\"@type\":\"ImageObject\",\"inLanguage\":\"gl-ES\",\"@id\":\"https:\/\/fundacionbretal.com\/#\/schema\/person\/image\/\",\"url\":\"https:\/\/secure.gravatar.com\/avatar\/8500875605d6c61a6ca83b75893c6706dcb47523abd3e87da1a352b767687165?s=96&d=mm&r=g\",\"contentUrl\":\"https:\/\/secure.gravatar.com\/avatar\/8500875605d6c61a6ca83b75893c6706dcb47523abd3e87da1a352b767687165?s=96&d=mm&r=g\",\"caption\":\"adminmosteiro\"}}]}<\/script>\n<!-- \/ Yoast SEO plugin. -->","yoast_head_json":{"title":"A Fundaci\u00f3n Bretal s\u00famase ao Pacto Cultura Sustentable de Galicia - Fundaci\u00f3n Bretal","description":"A Fundaci\u00f3n Bretal, xestora do Mosteiro de Oia, adh\u00edrese ao Pacto Cultura Sustentable, compromet\u00e9ndose coa sustentabilidade ambiental, social e cultural nos seus proxectos patrimoniais e culturais.","robots":{"index":"index","follow":"follow","max-snippet":"max-snippet:-1","max-image-preview":"max-image-preview:large","max-video-preview":"max-video-preview:-1"},"canonical":"https:\/\/fundacionbretal.com\/gl\/fundacion-bretal-pacto-cultura-sustentable\/","og_locale":"gl_ES","og_type":"article","og_title":"A Fundaci\u00f3n Bretal s\u00famase ao Pacto Cultura Sustentable de Galicia - Fundaci\u00f3n Bretal","og_description":"A Fundaci\u00f3n Bretal, xestora do Mosteiro de Oia, adh\u00edrese ao Pacto Cultura Sustentable, compromet\u00e9ndose coa sustentabilidade ambiental, social e cultural nos seus proxectos patrimoniais e culturais.","og_url":"https:\/\/fundacionbretal.com\/gl\/fundacion-bretal-pacto-cultura-sustentable\/","og_site_name":"Fundaci\u00f3n Bretal","article_published_time":"2022-08-03T08:44:14+00:00","article_modified_time":"2025-09-29T11:54:48+00:00","og_image":[{"width":3144,"height":2173,"url":"https:\/\/fundacionbretal.com\/wp-content\/uploads\/2022\/08\/Imagen1.png","type":"image\/png"}],"author":"adminmosteiro","twitter_card":"summary_large_image","twitter_misc":{"Escrito por":"adminmosteiro","Tempo de lectura":"2 minutos"},"schema":{"@context":"https:\/\/schema.org","@graph":[{"@type":"WebPage","@id":"https:\/\/fundacionbretal.com\/gl\/fundacion-bretal-pacto-cultura-sustentable\/","url":"https:\/\/fundacionbretal.com\/gl\/fundacion-bretal-pacto-cultura-sustentable\/","name":"A Fundaci\u00f3n Bretal s\u00famase ao Pacto Cultura Sustentable de Galicia - Fundaci\u00f3n Bretal","isPartOf":{"@id":"https:\/\/fundacionbretal.com\/#website"},"primaryImageOfPage":{"@id":"https:\/\/fundacionbretal.com\/gl\/fundacion-bretal-pacto-cultura-sustentable\/#primaryimage"},"image":{"@id":"https:\/\/fundacionbretal.com\/gl\/fundacion-bretal-pacto-cultura-sustentable\/#primaryimage"},"thumbnailUrl":"https:\/\/fundacionbretal.com\/wp-content\/uploads\/2022\/08\/Imagen1.png","datePublished":"2022-08-03T08:44:14+00:00","dateModified":"2025-09-29T11:54:48+00:00","author":{"@id":"https:\/\/fundacionbretal.com\/#\/schema\/person\/0a482c5b909464b940b64f985afa3a6e"},"description":"A Fundaci\u00f3n Bretal, xestora do Mosteiro de Oia, adh\u00edrese ao Pacto Cultura Sustentable, compromet\u00e9ndose coa sustentabilidade ambiental, social e cultural nos seus proxectos patrimoniais e culturais.","breadcrumb":{"@id":"https:\/\/fundacionbretal.com\/gl\/fundacion-bretal-pacto-cultura-sustentable\/#breadcrumb"},"inLanguage":"gl-ES","potentialAction":[{"@type":"ReadAction","target":["https:\/\/fundacionbretal.com\/gl\/fundacion-bretal-pacto-cultura-sustentable\/"]}]},{"@type":"ImageObject","inLanguage":"gl-ES","@id":"https:\/\/fundacionbretal.com\/gl\/fundacion-bretal-pacto-cultura-sustentable\/#primaryimage","url":"https:\/\/fundacionbretal.com\/wp-content\/uploads\/2022\/08\/Imagen1.png","contentUrl":"https:\/\/fundacionbretal.com\/wp-content\/uploads\/2022\/08\/Imagen1.png","width":3144,"height":2173},{"@type":"BreadcrumbList","@id":"https:\/\/fundacionbretal.com\/gl\/fundacion-bretal-pacto-cultura-sustentable\/#breadcrumb","itemListElement":[{"@type":"ListItem","position":1,"name":"Portada","item":"https:\/\/fundacionbretal.com\/gl\/"},{"@type":"ListItem","position":2,"name":"A Fundaci\u00f3n Bretal s\u00famase ao Pacto Cultura Sustentable de Galicia"}]},{"@type":"WebSite","@id":"https:\/\/fundacionbretal.com\/#website","url":"https:\/\/fundacionbretal.com\/","name":"Fundaci\u00f3n Bretal","description":"","potentialAction":[{"@type":"SearchAction","target":{"@type":"EntryPoint","urlTemplate":"https:\/\/fundacionbretal.com\/?s={search_term_string}"},"query-input":{"@type":"PropertyValueSpecification","valueRequired":true,"valueName":"search_term_string"}}],"inLanguage":"gl-ES"},{"@type":"Person","@id":"https:\/\/fundacionbretal.com\/#\/schema\/person\/0a482c5b909464b940b64f985afa3a6e","name":"adminmosteiro","image":{"@type":"ImageObject","inLanguage":"gl-ES","@id":"https:\/\/fundacionbretal.com\/#\/schema\/person\/image\/","url":"https:\/\/secure.gravatar.com\/avatar\/8500875605d6c61a6ca83b75893c6706dcb47523abd3e87da1a352b767687165?s=96&d=mm&r=g","contentUrl":"https:\/\/secure.gravatar.com\/avatar\/8500875605d6c61a6ca83b75893c6706dcb47523abd3e87da1a352b767687165?s=96&d=mm&r=g","caption":"adminmosteiro"}}]}},"_links":{"self":[{"href":"https:\/\/fundacionbretal.com\/gl\/wp-json\/wp\/v2\/posts\/60552","targetHints":{"allow":["GET"]}}],"collection":[{"href":"https:\/\/fundacionbretal.com\/gl\/wp-json\/wp\/v2\/posts"}],"about":[{"href":"https:\/\/fundacionbretal.com\/gl\/wp-json\/wp\/v2\/types\/post"}],"author":[{"embeddable":true,"href":"https:\/\/fundacionbretal.com\/gl\/wp-json\/wp\/v2\/users\/2"}],"replies":[{"embeddable":true,"href":"https:\/\/fundacionbretal.com\/gl\/wp-json\/wp\/v2\/comments?post=60552"}],"version-history":[{"count":4,"href":"https:\/\/fundacionbretal.com\/gl\/wp-json\/wp\/v2\/posts\/60552\/revisions"}],"predecessor-version":[{"id":60977,"href":"https:\/\/fundacionbretal.com\/gl\/wp-json\/wp\/v2\/posts\/60552\/revisions\/60977"}],"wp:featuredmedia":[{"embeddable":true,"href":"https:\/\/fundacionbretal.com\/gl\/wp-json\/wp\/v2\/media\/54504"}],"wp:attachment":[{"href":"https:\/\/fundacionbretal.com\/gl\/wp-json\/wp\/v2\/media?parent=60552"}],"wp:term":[{"taxonomy":"category","embeddable":true,"href":"https:\/\/fundacionbretal.com\/gl\/wp-json\/wp\/v2\/categories?post=60552"},{"taxonomy":"post_tag","embeddable":true,"href":"https:\/\/fundacionbretal.com\/gl\/wp-json\/wp\/v2\/tags?post=60552"}],"curies":[{"name":"wp","href":"https:\/\/api.w.org\/{rel}","templated":true}]}}